{"id":1694,"date":"2023-10-20T11:18:48","date_gmt":"2023-10-20T09:18:48","guid":{"rendered":"https:\/\/tandlakareutangranser.se\/?p=1694"},"modified":"2024-04-01T12:27:01","modified_gmt":"2024-04-01T10:27:01","slug":"reseberattelse-bukoba-tanzania-2022","status":"publish","type":"post","link":"https:\/\/tandlakareutangranser.se\/en\/reseberattelse-bukoba-tanzania-2022\/","title":{"rendered":"Reseber\u00e4ttelse, H\u00f6sten 2022"},"content":{"rendered":"<p><strong>Reseber\u00e4ttelse -Tanzania 2022<\/strong><\/p>\n\n\n\n<p><\/p>\n\n\n\n<figure class=\"wp-block-image size-full is-resized\"><img loading=\"lazy\" decoding=\"async\" width=\"404\" height=\"281\" src=\"https:\/\/tandlakareutangranser.se\/wp-content\/uploads\/2024\/04\/Bild1-2.jpg\" alt=\"\" class=\"wp-image-2269\" style=\"width:500px\" srcset=\"https:\/\/tandlakareutangranser.se\/wp-content\/uploads\/2024\/04\/Bild1-2.jpg 404w, https:\/\/tandlakareutangranser.se\/wp-content\/uploads\/2024\/04\/Bild1-2-300x209.jpg 300w, https:\/\/tandlakareutangranser.se\/wp-content\/uploads\/2024\/04\/Bild1-2-18x12.jpg 18w\" sizes=\"(max-width: 404px) 100vw, 404px\" \/><\/figure>\n\n\n\n<p>\u00c4ntligen var det dags f\u00f6r att resa till v\u00e5rt projektland efter en l\u00e5ng paus pga pandemin.&nbsp;<\/p>\n\n\n\n<p>Dags f\u00f6r avresa. Vi fyra m\u00f6ttes p\u00e5 Arlanda, tre av oss hade tr\u00e4ffats p\u00e5 informationstr\u00e4ffen i Stockholm d\u00e4r vi \u00e4ven f\u00e5tt information och allt material till projektet.&nbsp; Resplanen \u00e4r Stockholm till Addis Ababa och sedan vidare till Entebbe, Uganda d\u00e4refter. V\u00e5rt plan var att utf\u00f6ra v\u00e5r f\u00f6rsta utflykt i Uganda f\u00f6r att l\u00e4ra k\u00e4nna varandra innan destinationen Bukoba.&nbsp;<\/p>\n\n\n\n<p>Trots en l\u00e5ng resa och strul med diverse bokningar genom v\u00e5r kontakt i Uganda hade vi en underbar st\u00e4mning i gruppen.\u00a0<\/p>\n\n\n\n<figure class=\"wp-block-gallery has-nested-images columns-default is-cropped wp-block-gallery-1 is-layout-flex wp-block-gallery-is-layout-flex\">\n<figure class=\"wp-block-image size-large\"><img loading=\"lazy\" decoding=\"async\" width=\"294\" height=\"270\" data-id=\"2272\" src=\"https:\/\/tandlakareutangranser.se\/wp-content\/uploads\/2024\/04\/Bild2-3.jpg\" alt=\"\" class=\"wp-image-2272\" srcset=\"https:\/\/tandlakareutangranser.se\/wp-content\/uploads\/2024\/04\/Bild2-3.jpg 294w, https:\/\/tandlakareutangranser.se\/wp-content\/uploads\/2024\/04\/Bild2-3-13x12.jpg 13w\" sizes=\"(max-width: 294px) 100vw, 294px\" \/><\/figure>\n\n\n\n<figure class=\"wp-block-image size-large\"><img loading=\"lazy\" decoding=\"async\" width=\"296\" height=\"267\" data-id=\"2271\" src=\"https:\/\/tandlakareutangranser.se\/wp-content\/uploads\/2024\/04\/Bild3-2.jpg\" alt=\"\" class=\"wp-image-2271\" srcset=\"https:\/\/tandlakareutangranser.se\/wp-content\/uploads\/2024\/04\/Bild3-2.jpg 296w, https:\/\/tandlakareutangranser.se\/wp-content\/uploads\/2024\/04\/Bild3-2-13x12.jpg 13w\" sizes=\"(max-width: 296px) 100vw, 296px\" \/><\/figure>\n<\/figure>\n\n\n\n<p><\/p>\n\n\n\n<p>Allt l\u00f6ste sig till slut,\u00a0 \u201cHakuna Matata\u201d. Vi hade en fantastiskt fin upplevelse i Uganda med vackra omgivningar, vandring till vattenfallen i Sipi och bes\u00f6k p\u00e5 en kaffeodling i byn.<\/p>\n\n\n\n<figure class=\"wp-block-gallery has-nested-images columns-default is-cropped wp-block-gallery-2 is-layout-flex wp-block-gallery-is-layout-flex\">\n<figure class=\"wp-block-image size-large\"><img loading=\"lazy\" decoding=\"async\" width=\"285\" height=\"305\" data-id=\"2274\" src=\"https:\/\/tandlakareutangranser.se\/wp-content\/uploads\/2024\/04\/Bild4-2.jpg\" alt=\"\" class=\"wp-image-2274\" srcset=\"https:\/\/tandlakareutangranser.se\/wp-content\/uploads\/2024\/04\/Bild4-2.jpg 285w, https:\/\/tandlakareutangranser.se\/wp-content\/uploads\/2024\/04\/Bild4-2-280x300.jpg 280w, https:\/\/tandlakareutangranser.se\/wp-content\/uploads\/2024\/04\/Bild4-2-11x12.jpg 11w\" sizes=\"(max-width: 285px) 100vw, 285px\" \/><\/figure>\n\n\n\n<figure class=\"wp-block-image size-large\"><img loading=\"lazy\" decoding=\"async\" width=\"278\" height=\"307\" data-id=\"2273\" src=\"https:\/\/tandlakareutangranser.se\/wp-content\/uploads\/2024\/04\/Bild5-1.jpg\" alt=\"\" class=\"wp-image-2273\" srcset=\"https:\/\/tandlakareutangranser.se\/wp-content\/uploads\/2024\/04\/Bild5-1.jpg 278w, https:\/\/tandlakareutangranser.se\/wp-content\/uploads\/2024\/04\/Bild5-1-272x300.jpg 272w, https:\/\/tandlakareutangranser.se\/wp-content\/uploads\/2024\/04\/Bild5-1-11x12.jpg 11w\" sizes=\"(max-width: 278px) 100vw, 278px\" \/><\/figure>\n<\/figure>\n\n\n\n<p>Ganska sent p\u00e5 s\u00f6ndagen anl\u00e4nde vi till Tweyambe i Tanzania. William v\u00e5r chauff\u00f6r k\u00f6rde oss mellan Entebbe och Tweyambe, en bilresa p\u00e5 ca 7 timmar. Det som tog extra tid var visum vid gr\u00e4nsen och de slitna landsv\u00e4garna.&nbsp;<\/p>\n\n\n\n<p>Vi var tr\u00f6tta men vi blev mottagna med s\u00e5dan k\u00e4rlek och gl\u00e4dje fr\u00e5n b\u00e5de barn och personal p\u00e5 skolan s\u00e5 att vi fick energi p\u00e5 nytt. Vi hann inte mycket mer \u00e4n att packa upp material och f\u00f6rs\u00f6ka f\u00f6rbereda inf\u00f6r f\u00f6rsta arbetsdagen.&nbsp;<\/p>\n\n\n\n<p>Det fanns en del att ordna och vi fick sv\u00e5righeter med olika saker som inte var planerade fr\u00e5n skolans sida. Vi var tvungna att l\u00f6sa allt s\u00e5 bra vi kunde. Vi lyckades h\u00e5lla utbildning f\u00f6r samtliga elever, k\u00f6rde tandborstning i grupp och screenade samtliga. L\u00e4raren fr\u00e5n skolan, James eller \u201cJJ\u201d var v\u00e5r fantastiska tolk under hela projektet. V\u00e4ldigt sympatisk, rolig och trevlig m\u00e4nniska.<\/p>\n\n\n\n<figure class=\"wp-block-image size-full is-resized\"><img loading=\"lazy\" decoding=\"async\" width=\"438\" height=\"330\" src=\"https:\/\/tandlakareutangranser.se\/wp-content\/uploads\/2024\/04\/Bild6-1.jpg\" alt=\"\" class=\"wp-image-2275\" style=\"width:500px\" srcset=\"https:\/\/tandlakareutangranser.se\/wp-content\/uploads\/2024\/04\/Bild6-1.jpg 438w, https:\/\/tandlakareutangranser.se\/wp-content\/uploads\/2024\/04\/Bild6-1-300x226.jpg 300w, https:\/\/tandlakareutangranser.se\/wp-content\/uploads\/2024\/04\/Bild6-1-16x12.jpg 16w\" sizes=\"(max-width: 438px) 100vw, 438px\" \/><\/figure>\n\n\n\n<p>Efter arbetet f\u00f6rde vi statistik p\u00e5 alla som unders\u00f6kts och vi f\u00f6rberedde \u00e4ven all material inf\u00f6r morgondagens arbete. Det blev en sen m\u00e5ndag men vi samarbetade fint och det blev en l\u00e4rorik dag. Arbetet underl\u00e4ttades av den goda frukost, lunch, fika och middag som glada och vackra Melissa ordnade till oss varje dag.&nbsp;<\/p>\n\n\n\n<p>V\u00e5rt arbete var fokuserat p\u00e5 prevention. P\u00e5 samtliga skolor gav vi kostr\u00e5d genom att visa upp exempel p\u00e5 bra och d\u00e5lig mat och vi gav \u00e4ven munhygieninstruktioner p\u00e5 modeller. Barnen fick \u00f6va p\u00e5 modellen och st\u00e4lla fr\u00e5gor under v\u00e5r undervisning.&nbsp;<\/p>\n\n\n\n<p>Barnens och l\u00e4rarnas engagemang varierade mycket fr\u00e5n skola till skola. Ibland blev det m\u00e5nga kloka fr\u00e5gor fr\u00e5n de duktiga barnen, och vi tyckte s\u00e4rskilt mycket om att \u00e4ven l\u00e4rarna var engagerade och st\u00e4llde fr\u00e5gor och uppmuntrade sina elever att vara delaktiga.&nbsp;<\/p>\n\n\n\n<figure class=\"wp-block-image size-full is-resized\"><img loading=\"lazy\" decoding=\"async\" width=\"602\" height=\"451\" src=\"https:\/\/tandlakareutangranser.se\/wp-content\/uploads\/2024\/04\/Bild7-1.jpg\" alt=\"\" class=\"wp-image-2276\" style=\"width:500px\" srcset=\"https:\/\/tandlakareutangranser.se\/wp-content\/uploads\/2024\/04\/Bild7-1.jpg 602w, https:\/\/tandlakareutangranser.se\/wp-content\/uploads\/2024\/04\/Bild7-1-480x360.jpg 480w\" sizes=\"(min-width: 0px) and (max-width: 480px) 480px, (min-width: 481px) 602px, 100vw\" \/><\/figure>\n\n\n\n<p>Vi utf\u00f6rde bevakad tandborstning endast p\u00e5 tv\u00e5 skolor d\u00e4r vi fick spendera 2 dagar f\u00f6r att hinna med.&nbsp; Efter utbildningsdelen fick barnen varsin tandborste och fick st\u00e5 i en cirkel och borsta t\u00e4nderna. D\u00e4refter f\u00e4rgade vi in barnens t\u00e4nder och f\u00f6rberedde f\u00f6r screeningen. Efter inf\u00e4rgning screenades barnen f\u00f6r karies, gingival status och plackstatus. Eftersom vi hade tv\u00e5 dagar avsatta f\u00f6r denna skolan hade vi tid att ge barnen individuell feedback p\u00e5 deras tandstatus och tips p\u00e5 hur borstningen och\/eller kosten kunde f\u00f6rb\u00e4ttras.&nbsp;<\/p>\n\n\n\n<p>Vi minns speciellt en skola, Sacred Heart. Arbetet avslutades med s\u00e5ng och kramar fr\u00e5n de skolans elever. Det var en mycket gl\u00e4djefylld och inspirerande upplevelse.&nbsp;<\/p>\n\n\n\n<figure class=\"wp-block-image size-full is-resized\"><img loading=\"lazy\" decoding=\"async\" width=\"602\" height=\"451\" src=\"https:\/\/tandlakareutangranser.se\/wp-content\/uploads\/2024\/04\/Bild8-1.jpg\" alt=\"\" class=\"wp-image-2277\" style=\"width:500px\" srcset=\"https:\/\/tandlakareutangranser.se\/wp-content\/uploads\/2024\/04\/Bild8-1.jpg 602w, https:\/\/tandlakareutangranser.se\/wp-content\/uploads\/2024\/04\/Bild8-1-480x360.jpg 480w\" sizes=\"(min-width: 0px) and (max-width: 480px) 480px, (min-width: 481px) 602px, 100vw\" \/><\/figure>\n\n\n\n<p>Antal barn varierade ocks\u00e5 fr\u00e5n skola till skola. De skolor som vi hade bevakad tandborstning och med flest elever fick vi screena f\u00f6rst och fr\u00e4mst de som hade v\u00e4rk. I m\u00e5n av tid screenades d\u00e4refter alla 6\/7- och 12\/13-\u00e5ringar. All n\u00f6dv\u00e4ndig tandv\u00e5rd remitterades till en lokalt verksam tandl\u00e4kare, eftersom vi i Tanzania inte fick genomf\u00f6ra invasiv tandv\u00e5rd.&nbsp;<\/p>\n\n\n\n<p>Helgen mellan arbetsveckorna \u00e5kte vi tillsammans med William till nationalparken Rubondo island. William \u00e4r en h\u00e4rlig person som gillar att skoja och ser till att alla m\u00e5r bra. P\u00e5 Rubondo fick vi \u00e5ka p\u00e5 guidad safari i Tanzanias vackra natur. Vi s\u00e5g bland annat apor, elefanter, giraffer och flodh\u00e4star och l\u00e4rde oss massor om djuren. Det var en magisk upplevelse och en aktivitet som vi verkligen rekommenderar.<\/p>\n\n\n\n<figure class=\"wp-block-gallery has-nested-images columns-default is-cropped wp-block-gallery-3 is-layout-flex wp-block-gallery-is-layout-flex\">\n<figure class=\"wp-block-image size-large\"><img loading=\"lazy\" decoding=\"async\" width=\"328\" height=\"248\" data-id=\"2280\" src=\"https:\/\/tandlakareutangranser.se\/wp-content\/uploads\/2024\/04\/Bild9.jpg\" alt=\"\" class=\"wp-image-2280\" srcset=\"https:\/\/tandlakareutangranser.se\/wp-content\/uploads\/2024\/04\/Bild9.jpg 328w, https:\/\/tandlakareutangranser.se\/wp-content\/uploads\/2024\/04\/Bild9-300x227.jpg 300w, https:\/\/tandlakareutangranser.se\/wp-content\/uploads\/2024\/04\/Bild9-16x12.jpg 16w\" sizes=\"(max-width: 328px) 100vw, 328px\" \/><\/figure>\n\n\n\n<figure class=\"wp-block-image size-large\"><img loading=\"lazy\" decoding=\"async\" width=\"275\" height=\"291\" data-id=\"2279\" src=\"https:\/\/tandlakareutangranser.se\/wp-content\/uploads\/2024\/04\/Bild10.jpg\" alt=\"\" class=\"wp-image-2279\" srcset=\"https:\/\/tandlakareutangranser.se\/wp-content\/uploads\/2024\/04\/Bild10.jpg 275w, https:\/\/tandlakareutangranser.se\/wp-content\/uploads\/2024\/04\/Bild10-11x12.jpg 11w\" sizes=\"(max-width: 275px) 100vw, 275px\" \/><\/figure>\n\n\n\n<figure class=\"wp-block-image size-large\"><img loading=\"lazy\" decoding=\"async\" width=\"289\" height=\"289\" data-id=\"2278\" src=\"https:\/\/tandlakareutangranser.se\/wp-content\/uploads\/2024\/04\/Bild11.jpg\" alt=\"\" class=\"wp-image-2278\" srcset=\"https:\/\/tandlakareutangranser.se\/wp-content\/uploads\/2024\/04\/Bild11.jpg 289w, https:\/\/tandlakareutangranser.se\/wp-content\/uploads\/2024\/04\/Bild11-150x150.jpg 150w, https:\/\/tandlakareutangranser.se\/wp-content\/uploads\/2024\/04\/Bild11-12x12.jpg 12w\" sizes=\"(max-width: 289px) 100vw, 289px\" \/><\/figure>\n<\/figure>\n\n\n\n<p>De tv\u00e5 veckorna gick s\u00e5 snabbt och vi \u00e4r s\u00e5 glada att vi \u00e5kte p\u00e5 denna resa. Vi k\u00e4nner att resan gjort att vi v\u00e4xt b\u00e5de som m\u00e4nniskor och kliniker, och vi rekommenderar alla som har m\u00f6jlighet och vill att n\u00e5gon g\u00e5ng arbeta som volont\u00e4r. Det \u00e4r en speciell k\u00e4nsla att hj\u00e4lpa folk i behov. Tidigt i arbetet fick vi \u00f6va p\u00e5 v\u00e5r flexibilitet och kreativitet genom att arbeta med de resurser och material som finns tillhanda. Man l\u00e4r sig ocks\u00e5 snabbt att prioritera v\u00e5rd som inte kan anst\u00e5 och f\u00e5r en b\u00e4ttre helhetssyn av patienten. Vi \u00e4r s\u00e5 glada att vi \u00e4ven hittade en v\u00e4nskap i gruppen. Vi l\u00e4rde oss \u00e4ven mycket av lokalbefolkningen och deras liv. \u201dHakuna matata\u201d \u00e4r n\u00e5got vi alla kommer ta med oss. Allt l\u00f6ser sig till slut.&nbsp;<\/p>\n\n\n\n<figure class=\"wp-block-image size-full is-resized\"><img loading=\"lazy\" decoding=\"async\" width=\"412\" height=\"310\" src=\"https:\/\/tandlakareutangranser.se\/wp-content\/uploads\/2024\/04\/Bild12.jpg\" alt=\"\" class=\"wp-image-2281\" style=\"width:500px\" srcset=\"https:\/\/tandlakareutangranser.se\/wp-content\/uploads\/2024\/04\/Bild12.jpg 412w, https:\/\/tandlakareutangranser.se\/wp-content\/uploads\/2024\/04\/Bild12-300x226.jpg 300w, https:\/\/tandlakareutangranser.se\/wp-content\/uploads\/2024\/04\/Bild12-16x12.jpg 16w\" sizes=\"(max-width: 412px) 100vw, 412px\" \/><\/figure>\n\n\n\n<p><em>\/ Dastan, Tandl\u00e4kare<br>Eli, tandsk\u00f6terska<br>Mariel tandsk\u00f6terska&nbsp;<br>Ver\u00f3nica Arag\u00f3n,&nbsp; tandl\u00e4kare<\/em><\/p>\n\n\n\n<p class=\"has-text-align-center has-white-color has-vivid-cyan-blue-background-color has-text-color has-background has-link-color wp-elements-63d87d3f1e77631ceca3fa260a0204ea\">V\u00e5rt arbete p\u00e5 film:<a href=\"https:\/\/youtu.be\/FRtPhLa8PYQ\" target=\"_blank\" rel=\"noreferrer noopener\"> https:\/\/youtu.be\/FRtPhLa8PYQ<\/a><\/p>","protected":false},"excerpt":{"rendered":"<p>Reseber\u00e4ttelse -Tanzania 2022 \u00c4ntligen var det dags f\u00f6r att resa till v\u00e5rt projektland efter en l\u00e5ng paus pga pandemin.&nbsp; Dags f\u00f6r avresa. Vi fyra m\u00f6ttes p\u00e5 Arlanda, tre av oss hade tr\u00e4ffats p\u00e5 informationstr\u00e4ffen i Stockholm d\u00e4r vi \u00e4ven f\u00e5tt information och allt material till projektet.&nbsp; Resplanen \u00e4r Stockholm till Addis Ababa och sedan vidare [&hellip;]<\/p>","protected":false},"author":2,"featured_media":1696,"comment_status":"closed","ping_status":"open","sticky":false,"template":"","format":"standard","meta":{"_et_pb_use_builder":"off","_et_pb_old_content":"","_et_gb_content_width":"","inline_featured_image":false,"_themeisle_gutenberg_block_has_review":false,"footnotes":""},"categories":[19],"tags":[],"class_list":["post-1694","post","type-post","status-publish","format-standard","has-post-thumbnail","hentry","category-tanzania"],"_links":{"self":[{"href":"https:\/\/tandlakareutangranser.se\/en\/wp-json\/wp\/v2\/posts\/1694","targetHints":{"allow":["GET"]}}],"collection":[{"href":"https:\/\/tandlakareutangranser.se\/en\/wp-json\/wp\/v2\/posts"}],"about":[{"href":"https:\/\/tandlakareutangranser.se\/en\/wp-json\/wp\/v2\/types\/post"}],"author":[{"embeddable":true,"href":"https:\/\/tandlakareutangranser.se\/en\/wp-json\/wp\/v2\/users\/2"}],"replies":[{"embeddable":true,"href":"https:\/\/tandlakareutangranser.se\/en\/wp-json\/wp\/v2\/comments?post=1694"}],"version-history":[{"count":6,"href":"https:\/\/tandlakareutangranser.se\/en\/wp-json\/wp\/v2\/posts\/1694\/revisions"}],"predecessor-version":[{"id":2283,"href":"https:\/\/tandlakareutangranser.se\/en\/wp-json\/wp\/v2\/posts\/1694\/revisions\/2283"}],"wp:featuredmedia":[{"embeddable":true,"href":"https:\/\/tandlakareutangranser.se\/en\/wp-json\/wp\/v2\/media\/1696"}],"wp:attachment":[{"href":"https:\/\/tandlakareutangranser.se\/en\/wp-json\/wp\/v2\/media?parent=1694"}],"wp:term":[{"taxonomy":"category","embeddable":true,"href":"https:\/\/tandlakareutangranser.se\/en\/wp-json\/wp\/v2\/categories?post=1694"},{"taxonomy":"post_tag","embeddable":true,"href":"https:\/\/tandlakareutangranser.se\/en\/wp-json\/wp\/v2\/tags?post=1694"}],"curies":[{"name":"wp","href":"https:\/\/api.w.org\/{rel}","templated":true}]}}