{"id":1731,"date":"2023-10-20T13:36:38","date_gmt":"2023-10-20T11:36:38","guid":{"rendered":"https:\/\/tandlakareutangranser.se\/?p=1731"},"modified":"2024-04-01T09:43:04","modified_gmt":"2024-04-01T07:43:04","slug":"filippinene-7-23-oktober-2022","status":"publish","type":"post","link":"https:\/\/tandlakareutangranser.se\/en\/filippinene-7-23-oktober-2022\/","title":{"rendered":"Reseber\u00e4ttelse, Oktober 2022"},"content":{"rendered":"<p><strong>Reseber\u00e4ttelse &#8211; Filippinerna 2022 &#8211; Halima Safi\u00a0<\/strong><\/p>\n\n\n\n<p><\/p>\n\n\n\n<p><strong>En uforglemmelig opplevelse i Filippinene 7-23 oktober 2022<\/strong><\/p>\n\n\n\n<p>En jente fra Norge skal bli med svenske volont\u00f8rer til Filippinene i to hele uker. Det hele begynte med at jeg \u00f8nsket \u00e5 utfordre meg selv og jeg \u00f8nsket ogs\u00e5 \u00e5 dra med svenske da jeg flere ganger har v\u00e6rt i Sverige og likt meg godt i det landet. Det begynte med at jeg tok kontakt med Magnus Sturebrand p\u00e5 mail og lurte p\u00e5 om de \u00f8nsker \u00e5 ta med volont\u00f8r fra Norge. Det \u00f8nsket de og da s\u00f8kte jeg videre og traff en herlig gjeng i Stockholm.<\/p>\n\n\n\n<p>Vi samlet oss noen uker f\u00f8r avreise, for \u00e5 bli kjent med gruppen og for \u00e5 f\u00e5 informasjon om reisen. Jeg fikk god hjelp fra Magnus Sturebrand og han var tilgjengelig og hjelpsom n\u00e5r jeg beh\u00f8vde hjelp. Jeg f\u00f8lte meg veldig lettet da alt var veldig godt organisert og jeg var oppdatert p\u00e5 alt som skulle skje hele tiden, takket v\u00e6re Magnus Sturebrand.<\/p>\n\n\n\n<p>Det var ikke vanskelig \u00e5 kommunisere da vi pratet b\u00e5de norsk, engelsk og svensk. Jeg valgte \u00e5 ta fly fra Norge til Stockholm slik at jeg kunne utforske reisen med den svenske gruppen. Det var ganske lurt, da slapp jeg \u00e5 reise den lange veien ned dit helt alene. Bagasjen var klar, og hum\u00f8ret kunne ikke ha v\u00e6rt bedre. Jeg var s\u00e5 spent og nysgjerrig p\u00e5 hva jeg skulle m\u00f8te og om det ble slik jeg forestilte meg?<\/p>\n\n\n\n<p>Vi bes\u00f8kte fire ulike skoler fra alder 5-12 \u00e5r, Santiago, Liberty, Tinubdan, og Taberna school. Vi fikk en herlig og smilende velkomst og det er umulig \u00e5 beskrive eller glemme den opplevelsen. Barna sto langs veien med svensk\/filippinsk flagg og de sang for oss, det gjorde meg t\u00e5refylt og det var akkurat da jeg skj\u00f8nte at jeg var p\u00e5 riktig plass. Vi ble s\u00e5 godt tatt imot av alle der nede, og de hadde til og med pyntet s\u00e5 fint for oss. Barna var utrolig flinke til b\u00e5de dans og sang, vi alle ble s\u00e5 r\u00f8rt.<\/p>\n\n\n\n<p>Vi var den f\u00f8rste gruppen som var der etter Corona og det betyr ogs\u00e5 at tannhelsen ikke var helt p\u00e5 plass. Vi \u00f8nsket \u00e5 hjelpe alle og gj\u00f8re s\u00e5 mye vi kunne for \u00e5 strekke til for alle. Det \u00e5 se s\u00e5 unge ha infeksjoner og smerte i munnen var s\u00e5 vondt og hjerteskj\u00e6rende. Dette gjorde at jeg satt og tenkte over hvor heldige vi er i Norden som har tilgang til alt vi beh\u00f8ver av hjelp fra helsevesenet. Den muligheten vi har i.<\/p>\n\n\n\n<p>Norden har ikke disse menneskene her nede og det er ufattelig trist \u00e5 tenke p\u00e5 at man m\u00e5 g\u00e5 rundt med smerte og blir vant til \u00e5 ha smerter. Det var mange f\u00f8lelser som surret rundt i kroppen og mange tanker som bygget seg opp i hjernen min. Blant annet at denne verden er utrolig urettferdig. Disse barna var vant til \u00e5 pusse tennene p\u00e5 skolen, og dette mistet dem p\u00e5 grunn av pandemien. L\u00e6rere f\u00e5r en god instruksjon i hvordan de kan hjelpe barna med bedre munnhelse. Alle barna hadde kopper med navnet sitt p\u00e5 hvor de har tannb\u00f8rste og tannkrem. L\u00e6rerne var flinke til \u00e5 minne dem p\u00e5 \u00e5 pusse gjennom skole hverdagen. Dette var veldig godt \u00e5 se!<\/p>\n\n\n\n<figure class=\"wp-block-image\"><img decoding=\"async\" src=\"https:\/\/lh7-us.googleusercontent.com\/3NM1SJWO8kFniI4ZjldfS9GZmQh8Hmga-B4UTITkLK2iQSDpPZOCxuSgAN2c6vB8LQ2hmmAsCpEDxST6acHoEpplif0exKo1WrMWaZr40RCnGl-AtWj37Bx3fwdXmuitNqnnpiP7ZY87\" alt=\"file:\/\/\/Users\/marwasafi\/Pictures\/Photos%20Library.photoslibrary\/originals\/E\/E38AB729-EED6-422B-AC70-198C49C16914.jpeg\"\/><\/figure>\n\n\n\n<p>Vi startet med \u00e5 ta unders\u00f8kelser p\u00e5 hver skole, og deretter behandle de som beh\u00f8ver n\u00f8dvendig hjelp. Jeg la merke til at flere av disse pasientene hadde g\u00e5tt gjennom mye smerte uten \u00e5 gj\u00f8re noe som helst med det fordi \u00f8konomien er sv\u00e6rt d\u00e5rlig. Vi utf\u00f8rte ulike behandlinger, konserverende, ekstraksjoner og depurasjon. L\u00e6rerne var greie med oss og informerte oss om hva som skulle skje gjennom dagen. De ordnet med mye god mat og drikke til oss til lunsj. De har mange ulike eksotiske frukter som lyche, kokos og deres utrolig gode mango. Mango juice som rant langs haken hver eneste gang jeg tok en bit. Alt smakte s\u00e5 ferskt og saftig. Varmen ga oss en st\u00f8rre nytelse av all frukten vi spiste. Kjenner at jeg lengter tilbake mens jeg skriver.<\/p>\n\n\n\n<p>N\u00e5r vi var ferdige med \u00e5 behandle alle elever fordelte vi oss i grupper. Vi dro til klasserommene og underviste. Vi pratet om kosthold, tannhelsen og utf\u00f8rte tannpuss p\u00e5 tannmodell. Barna fikk med seg en god del l\u00e6ring som for eksempel hvordan \u00e9n skal pusse tennene sine p\u00e5 en ordentlig og tydelig m\u00e5te. Hvordan man skal pusse for \u00e5 f\u00e5 matrester vekk og hvordan man skyller p\u00e5 en riktig m\u00e5te. Vi avsluttet ved \u00e5 legge fluor p\u00e5 tennene. Alle barna fikk seg en helt ny tannb\u00f8rste og tannkrem som de skal bruke fremover helt til neste gruppe kommer p\u00e5 bes\u00f8k om cirka 6 m\u00e5neder. Alle barna var s\u00e5 ivrige og lykkelige da vi delte ut tannb\u00f8rster og tannkremer, s\u00e5 utrolig stas at de var s\u00e5 takknemlige!<\/p>\n\n\n\n<figure class=\"wp-block-image\"><img decoding=\"async\" src=\"https:\/\/lh7-us.googleusercontent.com\/gjD5epMHeYWxXZyH-gDLWkxek_NnDhu85hAm5JW1XfK01Dx1yy4NFg2riCA0m82VczTj6xS-RN_a_JKX4zNhPU4Zh6rLlzdBLxafhp1dt0TVemkFFDwFnJqgKk6kSKkoce0W2aV3umA2\" alt=\"file:\/\/\/Users\/marwasafi\/Pictures\/Photos%20Library.photoslibrary\/originals\/9\/9ECED6BF-9B8A-4E3B-B642-5F5A1AA0A91B.jpeg\"\/><\/figure>\n\n\n\n<p>Mot slutten av dagen hjalp vi l\u00e6rerne og foresatte som hadde behov for tannbehandling. N\u00e5r det ble litt tid igjen, ble det raskt brukt opp p\u00e5 et fattig str\u00f8k. Der var f\u00f8rste prioritering akutte pasienter. Tanken p\u00e5 at vi hjalp b\u00e5de elever og voksne i fattig str\u00f8k gjorde meg utrolig stolt av oss alle. Turen ble bedre og bedre hver gang vi s\u00e5 ett bredt smil etter endt smerte!<\/p>\n\n\n\n<p>Helgen tilbragte vi p\u00e5 en utrolig vakker \u00f8y som het Kalanggaman. Her var det stekende sol og behagelig lyd av store b\u00f8lger. Jeg har aldri teltet tidligere s\u00e5 dette h\u00f8rtes litt skummelt ut for meg. Vi tok b\u00e5ten i cirka 40 min, og kom til en \u00f8y med krystallklart vann. Vi gikk rundt og tittet, tok bilder og video. P\u00e5 \u00f8ya var det en del kiosker med tilgang til mat,drikke\/wc. Jeg og kollegaene mine solte oss lenge og sv\u00f8mte en del. Turen ble mer som en ferie n\u00e5. Det var utrolig deilig \u00e5 koble av etter flere harde dager med jobb. Det \u00e5 ligge og slappe av med v\u00e5t hud og sand klistra til kroppen. \u00c5 lytte til b\u00f8lger mens du ligger og skal sove var helt fantastisk, nesten som en dr\u00f8m!<\/p>\n\n\n\n<p>Jeg dro ned til Filipinene med massevis av tanker, blant annet hvordan jeg skulle jobbe i varmen, lite utstyr, en stor befolkning og ingen tannlege stol, men dette gikk overraskende bra. Det var trist \u00e5 forlate landet og det \u00e5 komme hjem igjen kjentes tomt ut.<\/p>\n\n\n\n<p>Alle vi m\u00f8tte p\u00e5 der nede var s\u00e5 utrolig glade og takknemlige, det ser man ikke s\u00e5 mye av i hverdagen v\u00e5r her hjemme. Av denne opplevelsen sitter jeg igjen med mye l\u00e6rdom og takknemlighet.<\/p>\n\n\n\n<figure class=\"wp-block-image\"><img decoding=\"async\" src=\"https:\/\/lh7-us.googleusercontent.com\/lhixE1-5s_B6iub-AIcR3oPlW7xAdUlBnppJ2VOKXFr2i-tJMfckPDT805S6lVhivFVynjEw0jTMmEy_OC2a0bRaWIzsMKGTPbrhqmCrnFgmLyuYGHfs-Qq3XgOfBE94-FjDPNLHTD0d\" alt=\"file:\/\/\/Users\/marwasafi\/Pictures\/Photos%20Library.photoslibrary\/originals\/A\/A64A455C-E14E-43C7-A643-0BDB298923A4.jpeg\"\/><\/figure>\n\n\n\n<p>Hvordan kan disse menneskene v\u00e6re s\u00e5 glade n\u00e5r dem har s\u00e5 lite tilgjengelig? Dette er ett sp\u00f8rsm\u00e5l jeg har g\u00e5tt og lurt p\u00e5 gjennom hele reisen. Deres \u00f8yne var fylt med s\u00e5 mye glede, de hadde hverandre og det var alt de trengte. Som overskriften sier, en uforglemmelig opplevelse. Jeg kan sitte og skrive, men en s\u00e5nn opplevelse er vanskelig og sette ord p\u00e5. Dette er en opplevelse jeg anbefaler alle, selvf\u00f8lgelig kan det virke skummelt da alt er nytt, men med den hjelpen jeg fikk fra Magnus s\u00e5 har jeg f\u00f8lt meg trygg hele veien. Noen ganger tenker jeg hvorfor var jeg sm\u00e5 stressa f\u00f8r turen, men det er helt lov \u00e5 kjenne p\u00e5 f\u00f8lelser f\u00f8r man skal gj\u00f8re noe nytt og spennende.<\/p>\n\n\n\n<p>Jeg anbefaler denne turen for den som \u00f8nsker \u00e5 utfordre seg selv og vokse som person. Det ble en reise med mye l\u00e6ring, kunnskap, kj\u00e6rlighet, latter og t\u00e5rer. Jeg hadde aldri trodd at jeg kunne l\u00e6re s\u00e5 mye av sm\u00e5 barn, der tok jeg feil. Vi alle lever p\u00e5 samma planet, men alle lever helt forskjellig. Alle sammen ble forn\u00f8yde, selv om det ble en lang reise, ble den likevel magisk og hjertevarmende. Gruppen jeg var med, er n\u00e5 blitt mine venner. Venner f\u00e5r du for livet og s\u00e5nn ble det i mitt tilfelle da jeg allerede har reist ned til Stockholm for \u00e5 m\u00f8te to av volont\u00f8rene fra turen. Vi planlegger allerede v\u00e5r neste m\u00f8te igjen.<\/p>\n\n\n\n<p>Dette ble klart og tydelig en vellykket tur som jeg anbefaler til alle p\u00e5 det h\u00f8yeste. Denne turen er en stor nytelse. En vakker reise med mange spennende utfordringer og positiv energi over alt. En s\u00e5nn reise er hva jeg kaller et godt minne for livet. Jeg var litt skeptisk til reisen f\u00f8rst fordi jeg trodde vi skulle v\u00e6re uten tilgang til internett, men det hadde vi jo. Jeg brukte nesten ikke telefonen uansett, da jeg storkoste meg med gjengen fra Sverige. Jeg kommer til \u00e5 reise ned som volont\u00f8r igjen, det er det ingen tvil om!<\/p>\n\n\n\n<figure class=\"wp-block-image is-resized\"><img decoding=\"async\" src=\"https:\/\/lh7-us.googleusercontent.com\/8BhNLuuXqNvjruvBZHJG4Ge_tk3zSLmYM_332R1VKeW9YffL65zjSU2oF_YJ__Zl3WPz4S9PwlY3ZCjfR3mbd9DPO4JNAhVSDo-bDNunH4b57KVMg4iaUtQ7Q831m6WqYnuFcR0Xvhi1\" alt=\"file:\/\/\/Users\/marwasafi\/Pictures\/Photos%20Library.photoslibrary\/originals\/F\/F4406419-0F16-4315-A705-43FA8BA2B2B1.jpeg\" style=\"width:626px;height:auto\"\/><\/figure>\n\n\n\n<p><em>\/ Vennlig hilsen<br>Tannlege<br>Halima Safi<\/em><\/p>","protected":false},"excerpt":{"rendered":"<p>Reseber\u00e4ttelse &#8211; Filippinerna 2022 &#8211; Halima Safi\u00a0 En uforglemmelig opplevelse i Filippinene 7-23 oktober 2022 En jente fra Norge skal bli med svenske volont\u00f8rer til Filippinene i to hele uker. Det hele begynte med at jeg \u00f8nsket \u00e5 utfordre meg selv og jeg \u00f8nsket ogs\u00e5 \u00e5 dra med svenske da jeg flere ganger har v\u00e6rt [&hellip;]<\/p>","protected":false},"author":2,"featured_media":1732,"comment_status":"closed","ping_status":"open","sticky":false,"template":"","format":"standard","meta":{"_et_pb_use_builder":"off","_et_pb_old_content":"","_et_gb_content_width":"","inline_featured_image":false,"_themeisle_gutenberg_block_has_review":false,"footnotes":""},"categories":[8],"tags":[],"class_list":["post-1731","post","type-post","status-publish","format-standard","has-post-thumbnail","hentry","category-filippinerna"],"_links":{"self":[{"href":"https:\/\/tandlakareutangranser.se\/en\/wp-json\/wp\/v2\/posts\/1731","targetHints":{"allow":["GET"]}}],"collection":[{"href":"https:\/\/tandlakareutangranser.se\/en\/wp-json\/wp\/v2\/posts"}],"about":[{"href":"https:\/\/tandlakareutangranser.se\/en\/wp-json\/wp\/v2\/types\/post"}],"author":[{"embeddable":true,"href":"https:\/\/tandlakareutangranser.se\/en\/wp-json\/wp\/v2\/users\/2"}],"replies":[{"embeddable":true,"href":"https:\/\/tandlakareutangranser.se\/en\/wp-json\/wp\/v2\/comments?post=1731"}],"version-history":[{"count":4,"href":"https:\/\/tandlakareutangranser.se\/en\/wp-json\/wp\/v2\/posts\/1731\/revisions"}],"predecessor-version":[{"id":1888,"href":"https:\/\/tandlakareutangranser.se\/en\/wp-json\/wp\/v2\/posts\/1731\/revisions\/1888"}],"wp:featuredmedia":[{"embeddable":true,"href":"https:\/\/tandlakareutangranser.se\/en\/wp-json\/wp\/v2\/media\/1732"}],"wp:attachment":[{"href":"https:\/\/tandlakareutangranser.se\/en\/wp-json\/wp\/v2\/media?parent=1731"}],"wp:term":[{"taxonomy":"category","embeddable":true,"href":"https:\/\/tandlakareutangranser.se\/en\/wp-json\/wp\/v2\/categories?post=1731"},{"taxonomy":"post_tag","embeddable":true,"href":"https:\/\/tandlakareutangranser.se\/en\/wp-json\/wp\/v2\/tags?post=1731"}],"curies":[{"name":"wp","href":"https:\/\/api.w.org\/{rel}","templated":true}]}}