{"id":3127,"date":"2026-04-12T21:15:03","date_gmt":"2026-04-12T19:15:03","guid":{"rendered":"https:\/\/tandlakareutangranser.se\/?p=3127"},"modified":"2026-04-12T21:15:04","modified_gmt":"2026-04-12T19:15:04","slug":"reseberattelse-tanzania-2026-2","status":"publish","type":"post","link":"https:\/\/tandlakareutangranser.se\/en\/reseberattelse-tanzania-2026-2\/","title":{"rendered":"Reseber\u00e4ttelse, Tanzania 2026"},"content":{"rendered":"<p><strong>Reseber\u00e4ttelse -Tanzania<\/strong> &#8211; Ebba Hjertberg<\/p>\n\n\n\n<p>L\u00f6rdagen den 24e januari ringde alarmet kl 07:00, men jag var f\u00f6rst\u00e5s vaken en stund innan dess, pirrig och f\u00f6rv\u00e4ntansfull inf\u00f6r det stora \u00e4ventyret. Resv\u00e4skan var fylld med tandv\u00e5rdsmaterial s\u00e5som bed\u00f6vning, h\u00e4vlar, t\u00e4nger, tandborstar och tandkr\u00e4m. Mina kl\u00e4der tryckte jag ner i det lilla handbagaget p\u00e5 7kg. Jag bor i G\u00f6teborg och skulle d\u00e4rf\u00f6r flyga fr\u00e5n Landvetter. P\u00e5 Landvetter m\u00f6tte jag upp Avin, en av de andra tandl\u00e4karna som skulle med p\u00e5 resan.&nbsp;<\/p>\n\n\n\n<p>Vi fl\u00f6g tillsammans till Istanbul d\u00e4r vi m\u00f6tte upp \u00f6vriga. Vi var 4 tandl\u00e4kare, 1 tandsk\u00f6terska och 1 tandhygienist som skulle ta oss an projektet i Bukoba. Efter en l\u00e5ng flygresa med mellanlandning i Dar es salam, d\u00e4r v\u00e5r tolk Arnold m\u00f6tte upp oss, kom vi tillslut fram till v\u00e5r slutdestination Bukoba. Vi v\u00e4lkomnades av 27 grader och sol samt Doktor Joas som var v\u00e5r lokala arrang\u00f6r och stod f\u00f6r kontakten med samtliga skolor vi skulle bes\u00f6ka. Tr\u00f6tta landade vi p\u00e5 v\u00e5rt boende (dr Joas hem, som han l\u00e5nade ut till oss under dessa 2 veckor) d\u00e4r vi fick middag innan vi utmattade gick och la oss tidigt.&nbsp;<\/p>\n\n\n\n<p>F\u00f6rsta dagen bestod av lite \u201callt omkring fix\u201d. Vi \u00e5kte till h\u00e4lsov\u00e5rds-myndigheten d\u00e4r vi fick presentera oss och v\u00e5ran organisation och skrev i g\u00e4stboken. Vi blev v\u00e4lkomnade med tacksamhet och nyfikenhet. D\u00e4refter begav vi oss till sjukhuset f\u00f6r att kolla in den lokala kliniken d\u00e4r vi skulle utf\u00f6ra mer avancerad v\u00e5rd som ej kunde utf\u00f6ras i klassrummet. Sjukhuset l\u00e5g ca 1,5h med bil fr\u00e5n Bukoba. Kliniken bestod av tv\u00e5 tandl\u00e4karstolar, en \u00e4ldre och en mordernare variant men det var dessv\u00e4rre bara den \u00e4ldre varianten som fungerade. Vi v\u00e4lkomnades av den lokala tandl\u00e4karen Dr Steven som arbetar p\u00e5 kliniken. Vi fick l\u00e5na deras autoklav f\u00f6r att reng\u00f6ra de instrument vi sedan skulle anv\u00e4nda ute i skolorna. Medan vi v\u00e4ntade p\u00e5 att instrumenten skulle bli rena visade Dr Joas oss ett fantastiskt vackert vattenfall, bel\u00e4get precis bakom sjukhuset. Han ber\u00e4ttade att sjukhuset f\u00e5r sin elektricitet fr\u00e5n vattenfallet och att det \u00e4r d\u00e4rf\u00f6r m\u00e5nga skolor och sjukhus ligger uppe p\u00e5 h\u00f6gre kullar\/berg. Otroligt vacker naturupplevelse!\u00a0<\/p>\n\n\n\n<figure class=\"wp-block-image size-full is-resized\"><img loading=\"lazy\" decoding=\"async\" width=\"326\" height=\"434\" src=\"https:\/\/tandlakareutangranser.se\/wp-content\/uploads\/2026\/04\/image-1.png\" alt=\"\" class=\"wp-image-3128\" style=\"width:525px;height:auto\" srcset=\"https:\/\/tandlakareutangranser.se\/wp-content\/uploads\/2026\/04\/image-1.png 326w, https:\/\/tandlakareutangranser.se\/wp-content\/uploads\/2026\/04\/image-1-225x300.png 225w, https:\/\/tandlakareutangranser.se\/wp-content\/uploads\/2026\/04\/image-1-9x12.png 9w\" sizes=\"(max-width: 326px) 100vw, 326px\" \/><\/figure>\n\n\n\n<p><\/p>\n\n\n\n<p>F\u00f6rsta riktiga arbetsdagen b\u00f6rjade tisdagen den 26\/1. Vi begav oss mot Kibeto school. D\u00e4r skulle alla barn undervisas och barnen i 6-7\u00e5rs \u00e5lder och 13-14\u00e5rs \u00e5lder skulle screenas och behandlas. Vi beslutade att vi \u00e4ven p\u00e5 denna skola skulle dela ut tandborstar f\u00f6r att \u00f6va in ett bra fl\u00f6de inf\u00f6r tisdagens bes\u00f6k p\u00e5 projektskolan d\u00e4r vi ocks\u00e5 skulle dela ut tandborstar. Vi b\u00f6rjade med undervisning och d\u00e4refter tilldelades barnen varsin tandborste med tandkr\u00e4m p\u00e5. Det blev lite r\u00f6rigt d\u00e5 vi inte fick till ett bra k\u00f6ssystem och inte kunde borsta ute p\u00e5 skolg\u00e5rden d\u00e5 det \u00f6sregnade, men fina l\u00e4rdomar insamlades till projektskolan. D\u00e4refter screenades barnen. Flera av barnen hade v\u00e4rk men vi m\u00f6ttes dessv\u00e4rre av informationen att f\u00f6r\u00e4ldrarna inte godk\u00e4nnde att vi extraherade t\u00e4nder p\u00e5 barnen. Det hade blivit en miss i kommunikationen. Det k\u00e4ndes tr\u00e5kigt att inte kunna hj\u00e4lpa till med extraktioner n\u00e4r vi var d\u00e4r och redo (D\u00e5 det i m\u00e5nga fall var detta som beh\u00f6vdes).Vi fick g\u00f6ra det vi kunde, profylax och GIC lagningar utf\u00f6rdes. Remisser skrevs ist\u00e4llet till sjukhuset d\u00e4r extraktioner beh\u00f6vdes.\u00a0<\/p>\n\n\n\n<figure class=\"wp-block-image size-full\"><img loading=\"lazy\" decoding=\"async\" width=\"560\" height=\"734\" src=\"https:\/\/tandlakareutangranser.se\/wp-content\/uploads\/2026\/04\/image-2.png\" alt=\"\" class=\"wp-image-3129\" srcset=\"https:\/\/tandlakareutangranser.se\/wp-content\/uploads\/2026\/04\/image-2.png 560w, https:\/\/tandlakareutangranser.se\/wp-content\/uploads\/2026\/04\/image-2-480x629.png 480w\" sizes=\"(min-width: 0px) and (max-width: 480px) 480px, (min-width: 481px) 560px, 100vw\" \/><\/figure>\n\n\n\n<p><em>Unders\u00f6kning och behandling p\u00e5 Kibeto school\u00a0<\/em><\/p>\n\n\n\n<p><\/p>\n\n\n\n<p>Dag 2, 3 och 4 tillbringades p\u00e5 projektskolan- Ndolage. H\u00e4r fick vi gr\u00f6nt ljus f\u00f6r att utf\u00f6ra extraktioner. En \u201cProjektsskola\u201d inneb\u00e4r att vi skriver journal p\u00e5 samtliga elever och planen \u00e4r att f\u00f6lja upp barnens munh\u00e4lsa d\u00e5 n\u00e4stkommande grupper kommer ner och utv\u00e4rdera om det skett n\u00e5gon f\u00f6rb\u00e4ttring med insatta \u00e5tg\u00e4rder. Samtliga barn f\u00e5r \u00e4ven varsin tandborste och kopp med deras namn p\u00e5. Planen \u00e4r att l\u00e4rarna ska forts\u00e4tta borsta tillsammans med eleverna 2ggr\/ dag. Blir sp\u00e4nnande att se vilka l\u00e5ngsiktiga effekter detta kan ge p\u00e5 munh\u00e4lsan f\u00f6r eleverna och vidare vilka ringar p\u00e5 vattnet detta kan medf\u00f6ra i elevens omgivning, till exempel syskon och f\u00f6r\u00e4ldrar. Vi b\u00f6rjade med att undervisa l\u00e4rarna p\u00e5 skolan i munh\u00e4lsa, tandborstning, kariogen kost och fluorid. Rektorn p\u00e5 projektskolan verkade intresserad och det b\u00e5dade gott inf\u00f6r v\u00e5rt fortsatta samarbete! Samtliga barn undervisades, screenades och de behandlingar som kunde utf\u00f6ras utf\u00f6rdes direkt i skolb\u00e4nken. F\u00f6r \u00f6vriga behandlingar skickades remiss till det lokala sjukhuset d\u00e4r vi hade tillg\u00e5ng till en tandl\u00e4karstol. Vi fick till ett fint fl\u00f6de genom undervisning, tandborsutdelning- tandborsstation och till sist unders\u00f6kning och behandling. Med hj\u00e4lp av rektorn p\u00e5 skolan kunde han hj\u00e4lpa barnen att fylla i anamnesen i journalen innan barnen kom in till oss f\u00f6r unders\u00f6kning, bra och effektivt!\u00a0<\/p>\n\n\n\n<figure class=\"wp-block-image size-full is-resized\"><img loading=\"lazy\" decoding=\"async\" width=\"524\" height=\"668\" src=\"https:\/\/tandlakareutangranser.se\/wp-content\/uploads\/2026\/04\/image-3.png\" alt=\"\" class=\"wp-image-3130\" style=\"width:541px;height:auto\" srcset=\"https:\/\/tandlakareutangranser.se\/wp-content\/uploads\/2026\/04\/image-3.png 524w, https:\/\/tandlakareutangranser.se\/wp-content\/uploads\/2026\/04\/image-3-480x612.png 480w\" sizes=\"(min-width: 0px) and (max-width: 480px) 480px, (min-width: 481px) 524px, 100vw\" \/><\/figure>\n\n\n\n<p><em>Undervisning i tandborstteknik. M\u00e5nga nyfikna elever tittar p\u00e5.<\/em><\/p>\n\n\n\n<p><\/p>\n\n\n\n<p>Under sista dagen p\u00e5 projektskolan var ett av v\u00e5ra team fr\u00e5n gruppen p\u00e5 kliniken p\u00e5 sjukhuset som l\u00e5g precis bredvid projektskolan och behandlade de barn som vi tidigare skrivit remiss p\u00e5. Dessv\u00e4rre var det f\u00f6r l\u00e5ngt att ta sig f\u00f6r barnen som gick p\u00e5 Kibeto school (Ca 1-1,5h i bil) vilket gjorde att ingen av dessa barn d\u00f6k upp. D\u00e4remot kom barnen fr\u00e5n projektskolan. Till v\u00e5r stora besvikelse fungerade inte vattnet i uniten vilket gjorde att de lagningar som kr\u00e4vde omfattande borrning inte kunde utf\u00f6ras. L\u00e4tt borrning kunde g\u00f6ras under riklig spolning med koksalt och d\u00e4refter utf\u00f6rdes handexkavering. En stor besvikelse men vi fick g\u00f6ra det b\u00e4sta utifr\u00e5n f\u00f6ruts\u00e4ttningarna! P\u00e5 projektskolan.\u00a0<\/p>\n\n\n\n<figure class=\"wp-block-image size-full\"><img loading=\"lazy\" decoding=\"async\" width=\"542\" height=\"728\" src=\"https:\/\/tandlakareutangranser.se\/wp-content\/uploads\/2026\/04\/image-4.png\" alt=\"\" class=\"wp-image-3131\" srcset=\"https:\/\/tandlakareutangranser.se\/wp-content\/uploads\/2026\/04\/image-4.png 542w, https:\/\/tandlakareutangranser.se\/wp-content\/uploads\/2026\/04\/image-4-480x645.png 480w\" sizes=\"(min-width: 0px) and (max-width: 480px) 480px, (min-width: 481px) 542px, 100vw\" \/><\/figure>\n\n\n\n<p><em>Glada barn som ska f\u00e5 varsin tandborste och kopp!\u00a0<\/em><\/p>\n\n\n\n<p><\/p>\n\n\n\n<p>Efter en rolig och intensiv arbetsvecka s\u00e5 var det redan helg och vi begav oss till Rubondo Island f\u00f6r lite safari. N\u00e5gorlunda utvilade var vi redo f\u00f6r arbetsvecka nummer 2!\u00a0<\/p>\n\n\n\n<p><\/p>\n\n\n\n<figure class=\"wp-block-image size-full is-resized\"><img loading=\"lazy\" decoding=\"async\" width=\"332\" height=\"394\" src=\"https:\/\/tandlakareutangranser.se\/wp-content\/uploads\/2026\/04\/image-5.png\" alt=\"\" class=\"wp-image-3132\" style=\"width:541px;height:auto\" srcset=\"https:\/\/tandlakareutangranser.se\/wp-content\/uploads\/2026\/04\/image-5.png 332w, https:\/\/tandlakareutangranser.se\/wp-content\/uploads\/2026\/04\/image-5-253x300.png 253w, https:\/\/tandlakareutangranser.se\/wp-content\/uploads\/2026\/04\/image-5-10x12.png 10w\" sizes=\"(max-width: 332px) 100vw, 332px\" \/><\/figure>\n\n\n\n<p><em>Elefant p\u00e5 Rubondo Island!\u00a0<\/em><\/p>\n\n\n\n<p><\/p>\n\n\n\n<p>P\u00e5 m\u00e5ndagen, tisdagen och onsdagen \u00e5kte vi ut till olika skolor f\u00f6r att undervisa samtliga barn och d\u00e4refter screena och behandla de barn i \u00e5ldrarna 6-7\u00e5r och 13-14\u00e5r. Alla skolor l\u00e5g i Bukoba, ca 10min med bil fr\u00e5n d\u00e4r vi bodde. D\u00e5 klasserna var mycket stora ins\u00e5g vi snabbt att vi inte kunde unders\u00f6ka och behandla samtliga utan ist\u00e4llet prioriterades de barn med v\u00e4rk. N\u00e4r vi var klara med dessa barn screenades och behandlades s\u00e5 m\u00e5nga av barnen vi hann med innan arbetsdagen var slut. Det k\u00e4ndes fint att b\u00e5de kunna bidra l\u00e5ngsiktigt genom profylax och undervisning samt direkt genom akutbehandling. \u00c4ven om behandlingsbehovet f\u00f6r vissa barn var l\u00e5ngt st\u00f6rre \u00e4n det vi kunde \u00e5stadkomma p\u00e5 den lilla tid vi var d\u00e4r.\u00a0<\/p>\n\n\n\n<figure class=\"wp-block-image size-full is-resized\"><img loading=\"lazy\" decoding=\"async\" width=\"308\" height=\"402\" src=\"https:\/\/tandlakareutangranser.se\/wp-content\/uploads\/2026\/04\/image-6.png\" alt=\"\" class=\"wp-image-3133\" style=\"width:534px;height:auto\" srcset=\"https:\/\/tandlakareutangranser.se\/wp-content\/uploads\/2026\/04\/image-6.png 308w, https:\/\/tandlakareutangranser.se\/wp-content\/uploads\/2026\/04\/image-6-230x300.png 230w, https:\/\/tandlakareutangranser.se\/wp-content\/uploads\/2026\/04\/image-6-9x12.png 9w\" sizes=\"(max-width: 308px) 100vw, 308px\" \/><\/figure>\n\n\n\n<p><em>Extraktion f\u00f6r att hj\u00e4lpa ett barn med v\u00e4rk. Tolk Arnold h\u00e5ller handen.\u00a0<\/em><\/p>\n\n\n\n<p><\/p>\n\n\n\n<p>P\u00e5 torsdagen var det dags f\u00f6r projektskolan igen d\u00e5 vi hade en klass kvar att screena och behandla som vi ej hunnit med tidigare vecka. Behandlingar utf\u00f6rdes parallellt p\u00e5 sjukhuset d\u00e4r ett av v\u00e5ra team befann sig och tog hand om de patienter vi hade remitterat sedan tidigare.<\/p>\n\n\n\n<figure class=\"wp-block-image size-full\"><img loading=\"lazy\" decoding=\"async\" width=\"502\" height=\"374\" src=\"https:\/\/tandlakareutangranser.se\/wp-content\/uploads\/2026\/04\/image-7.png\" alt=\"\" class=\"wp-image-3134\" srcset=\"https:\/\/tandlakareutangranser.se\/wp-content\/uploads\/2026\/04\/image-7.png 502w, https:\/\/tandlakareutangranser.se\/wp-content\/uploads\/2026\/04\/image-7-480x358.png 480w\" sizes=\"(min-width: 0px) and (max-width: 480px) 480px, (min-width: 481px) 502px, 100vw\" \/><\/figure>\n\n\n\n<p>Sista dagen \u00e5kte vi till ett barnhem i Bukoba d\u00e4r proceduren: Undervisning, screening och behandlingar upprepades. V\u00e5r fina struktur och fl\u00f6de var nu upparbetat s\u00e5 trots lite knappt med plats lyckades vi f\u00e5 till ett fint fl\u00f6de d\u00e4r barnen l\u00e5g skavf\u00f6tters sida vid sida p\u00e5 2 bord s\u00e5 att vi 4 tandl\u00e4kare kunde screena och behandla samtidigt.&nbsp;<\/p>\n\n\n\n<p>Och helt pl\u00f6tsligt hade 2 veckor redan flugit f\u00f6rbi. Nu sitter jag p\u00e5v\u00e4g hem p\u00e5 flyget med en ryggs\u00e4ck tom p\u00e5 dentala material men ist\u00e4llet fylld med nya erfarenheter, perspektiv och \u00f6dmjukhet. Tacksam f\u00f6r att jag har f\u00e5tt bidra tillsammans med denna fantastiska grupp, s\u00e5 roligt vi har haft tillsammans och vilken nytta vi har kunnat g\u00f6ra f\u00f6r s\u00e5 m\u00e5nga barn!&nbsp;<\/p>\n\n\n\n<figure class=\"wp-block-image size-full\"><img loading=\"lazy\" decoding=\"async\" width=\"850\" height=\"442\" src=\"https:\/\/tandlakareutangranser.se\/wp-content\/uploads\/2026\/04\/image-8.png\" alt=\"\" class=\"wp-image-3135\" srcset=\"https:\/\/tandlakareutangranser.se\/wp-content\/uploads\/2026\/04\/image-8.png 850w, https:\/\/tandlakareutangranser.se\/wp-content\/uploads\/2026\/04\/image-8-480x250.png 480w\" sizes=\"(min-width: 0px) and (max-width: 480px) 480px, (min-width: 481px) 850px, 100vw\" \/><\/figure>\n\n\n\n<p><\/p>\n\n\n\n<p><strong>Rekommenderar alla som har m\u00f6jlighet att \u00e5ka med till n\u00e5got av TLUGs projektl\u00e4nder. B\u00e5de f\u00f6r att g\u00f6ra skillnad f\u00f6r andra men ocks\u00e5 f\u00f6r att du f\u00e5r minst lika mycket om inte mer tillbaka! Tack f\u00f6r dessa 2 veckor!<\/strong><\/p>\n\n\n\n<p><strong>\/Ebba<\/strong><\/p>","protected":false},"excerpt":{"rendered":"<p>Reseber\u00e4ttelse -Tanzania &#8211; Ebba Hjertberg L\u00f6rdagen den 24e januari ringde alarmet kl 07:00, men jag var f\u00f6rst\u00e5s vaken en stund innan dess, pirrig och f\u00f6rv\u00e4ntansfull inf\u00f6r det stora \u00e4ventyret. Resv\u00e4skan var fylld med tandv\u00e5rdsmaterial s\u00e5som bed\u00f6vning, h\u00e4vlar, t\u00e4nger, tandborstar och tandkr\u00e4m. Mina kl\u00e4der tryckte jag ner i det lilla handbagaget p\u00e5 7kg. Jag bor i [&hellip;]<\/p>","protected":false},"author":5,"featured_media":3135,"comment_status":"closed","ping_status":"open","sticky":false,"template":"","format":"standard","meta":{"_et_pb_use_builder":"off","_et_pb_old_content":"","_et_gb_content_width":"","inline_featured_image":false,"_themeisle_gutenberg_block_has_review":false,"footnotes":""},"categories":[19],"tags":[],"class_list":["post-3127","post","type-post","status-publish","format-standard","has-post-thumbnail","hentry","category-tanzania"],"_links":{"self":[{"href":"https:\/\/tandlakareutangranser.se\/en\/wp-json\/wp\/v2\/posts\/3127","targetHints":{"allow":["GET"]}}],"collection":[{"href":"https:\/\/tandlakareutangranser.se\/en\/wp-json\/wp\/v2\/posts"}],"about":[{"href":"https:\/\/tandlakareutangranser.se\/en\/wp-json\/wp\/v2\/types\/post"}],"author":[{"embeddable":true,"href":"https:\/\/tandlakareutangranser.se\/en\/wp-json\/wp\/v2\/users\/5"}],"replies":[{"embeddable":true,"href":"https:\/\/tandlakareutangranser.se\/en\/wp-json\/wp\/v2\/comments?post=3127"}],"version-history":[{"count":1,"href":"https:\/\/tandlakareutangranser.se\/en\/wp-json\/wp\/v2\/posts\/3127\/revisions"}],"predecessor-version":[{"id":3136,"href":"https:\/\/tandlakareutangranser.se\/en\/wp-json\/wp\/v2\/posts\/3127\/revisions\/3136"}],"wp:featuredmedia":[{"embeddable":true,"href":"https:\/\/tandlakareutangranser.se\/en\/wp-json\/wp\/v2\/media\/3135"}],"wp:attachment":[{"href":"https:\/\/tandlakareutangranser.se\/en\/wp-json\/wp\/v2\/media?parent=3127"}],"wp:term":[{"taxonomy":"category","embeddable":true,"href":"https:\/\/tandlakareutangranser.se\/en\/wp-json\/wp\/v2\/categories?post=3127"},{"taxonomy":"post_tag","embeddable":true,"href":"https:\/\/tandlakareutangranser.se\/en\/wp-json\/wp\/v2\/tags?post=3127"}],"curies":[{"name":"wp","href":"https:\/\/api.w.org\/{rel}","templated":true}]}}